{"id":86,"date":"2020-04-25T12:16:01","date_gmt":"2020-04-25T12:16:01","guid":{"rendered":"http:\/\/anetasosnicka.pl\/blog\/?p=86"},"modified":"2020-06-13T23:51:50","modified_gmt":"2020-06-13T21:51:50","slug":"zmiany-w-zakresie-dozoru-elektonicznego","status":"publish","type":"post","link":"https:\/\/www.anetasosnicka.pl\/blog\/zmiany-w-zakresie-dozoru-elektonicznego\/","title":{"rendered":"Zmiany w zakresie dozoru  elektronicznego"},"content":{"rendered":"\n<p>Kara pozbawienia wolno\u015bci oznacza dla skazanego brak mo\u017cliwo\u015bci wykonywania dotychczasowej pracy, a tym samym zarobkowania, roz\u0142\u0105k\u0119 z najbli\u017csz\u0105 rodzin\u0105, uniemo\u017cliwia niejednokrotnie prawid\u0142owy przebieg leczenia, jak r\u00f3wnie\u017c nara\u017ca skazanego na dalsz\u0105 demoralizacj\u0119 w warunkach wi\u0119ziennej izolacji.<\/p>\n\n\n\n<figure class=\"wp-block-image size-large\"><img loading=\"lazy\" decoding=\"async\" width=\"1024\" height=\"582\" src=\"http:\/\/anetasosnicka.pl\/blog\/wp-content\/uploads\/2020\/04\/kajdany-niebo-rece-wolnosc-247851-1024x582.jpg\" alt=\"Doz\u00f3r elektroniczny - prawo karne\" class=\"wp-image-88\" srcset=\"https:\/\/www.anetasosnicka.pl\/blog\/wp-content\/uploads\/2020\/04\/kajdany-niebo-rece-wolnosc-247851-1024x582.jpg 1024w, https:\/\/www.anetasosnicka.pl\/blog\/wp-content\/uploads\/2020\/04\/kajdany-niebo-rece-wolnosc-247851-300x170.jpg 300w, https:\/\/www.anetasosnicka.pl\/blog\/wp-content\/uploads\/2020\/04\/kajdany-niebo-rece-wolnosc-247851-768x436.jpg 768w, https:\/\/www.anetasosnicka.pl\/blog\/wp-content\/uploads\/2020\/04\/kajdany-niebo-rece-wolnosc-247851-1536x872.jpg 1536w, https:\/\/www.anetasosnicka.pl\/blog\/wp-content\/uploads\/2020\/04\/kajdany-niebo-rece-wolnosc-247851-2048x1163.jpg 2048w\" sizes=\"auto, (max-width: 1024px) 100vw, 1024px\" \/><figcaption><a href=\"https:\/\/www.anetasosnicka.pl\" target=\"_blank\" rel=\"noreferrer noopener\">ADWOKAT dr Aneta So\u015bnicka KANCELARIA ADWOKACKA &#8211; doz\u00f3r elektroniczny<\/a><\/figcaption><\/figure>\n\n\n\n<h2 class=\"wp-block-heading\">Doz\u00f3r elektroniczny, czyli obro\u017ca lub obr\u0105czka<\/h2>\n\n\n\n<p>Na przeciw takim sytuacjom wychodzi, poza instytucj\u0105 odroczenia wykonania kary pozbawienia wolno\u015bci lub udzielenia przerwy w jej wykonywaniu, mo\u017cliwo\u015b\u0107 ubiegania si\u0119 o <strong>odbywanie kary pozbawienia wolno\u015bci w systemie dozoru elektronicznego<\/strong>.<\/p>\n\n\n\n<h2 class=\"wp-block-heading\">Kara odbywana poza zak\u0142adem karnym<\/h2>\n\n\n\n<p>Kara pozbawienia wolno\u015bci w systemie dozoru elektronicznego odbywana jest poza zak\u0142adem karnym. Dzi\u0119ki temu, skazany zachowuje mo\u017cliwo\u015b\u0107 przemieszczania si\u0119, pracowania, czy te\u017c uczestniczenia w niekt\u00f3rych innych aktywno\u015bciach \u017cycia codziennego, b\u0119d\u0105c zobowi\u0105zanym do przebywania w miejscu zamieszkania jedynie w wyznaczonych przez s\u0105d godzinach.<\/p>\n\n\n\n<h2 class=\"wp-block-heading\">Zmiana w zakresie dozoru elektronicznego<\/h2>\n\n\n\n<p>Do ko\u0144ca marca 2020 roku z odbywania w powy\u017cszy spos\u00f3b kary pozbawienia wolno\u015bci mog\u0142a skorzysta\u0107 jedynie taka osoba, wobec kt\u00f3rej orzeczona zosta\u0142a kara pozbawienia wolno\u015bci nieprzekraczaj\u0105ca 1 roku. Obecny kryzys epidemiologiczny spowodowa\u0142 szereg zmian w przepisach prawnych, w tym tak\u017ce odno\u015bnie omawianego tutaj zagadnienia. <strong>Od 1 kwietnia 2020 roku o <a href=\"https:\/\/www.anetasosnicka.pl\/\" target=\"_blank\" rel=\"noreferrer noopener\">odbywanie kary w systemie dozoru elektronicznego<\/a> mo\u017ce ubiega\u0107 si\u0119 skazany, wobec kt\u00f3rego orzeczono kar\u0119 1 roku i 6 miesi\u0119cy pozbawienia wolno\u015bci<\/strong>.<\/p>\n\n\n\n<p>Jest to jeden z warunk\u00f3w, pozosta\u0142e to m.in. posiadanie przez skazanego miejsca sta\u0142ego pobytu w czasie odbywania kary poza zak\u0142adam karnym, kt\u00f3re odpowiada mo\u017cliwo\u015bciom techniczno-organizacyjnych, czyli tzw. warunkom technicznym umo\u017cliwiaj\u0105cym zainstalowanie systemu, czy te\u017c zgoda os\u00f3b pe\u0142noletnich na odbywanie przez skazanego kary pozbawienia wolno\u015bci w systemie <a href=\"https:\/\/www.anetasosnicka.pl\/\" target=\"_blank\" rel=\"noreferrer noopener\">dozoru elektronicznego<\/a> w wsp\u00f3lnie zamieszkiwanym mieszkaniu lub domu. Do odbywania kary we wskazanym systemie przybli\u017cy skazanego tak\u017ce poprawna postawa w czasie odbywanej ju\u017c kary w zak\u0142adzie karnym, jak r\u00f3wnie\u017c pozytywna prognoza kryminologiczna.<\/p>\n\n\n\n<p>Spe\u0142nienie przez skazanego powy\u017cszych warunk\u00f3w oraz poprawnie napisany wniosek wraz z uzasadnieniem, powinny przynie\u015b\u0107 oczekiwany efekt w postaci orzeczenia s\u0105dowego umo\u017cliwiaj\u0105cego odbywanie kary pozbawienia wolno\u015bci w systemie dozoru elektronicznego.<\/p>\n\n\n\n<p>Serdecznie zapraszam do kontaktu. Ka\u017cda sprawa jest indywidualna.<\/p>\n\n\n\n<p>\ud83d\udcbb&nbsp;<a href=\"https:\/\/www.anetasosnicka.pl\" target=\"_blank\" rel=\"noreferrer noopener\">www.anetasosnicka.pl<\/a><br>\ud83d\udcde&nbsp;+48 605 675 875<br>\ud83d\udce7&nbsp;<a href=\"mailto:kancelaria@anetasosnicka.pl\">kancelaria@anetasosnicka.pl<\/a><\/p>\n","protected":false},"excerpt":{"rendered":"<p>Kara pozbawienia wolno\u015bci oznacza dla skazanego brak mo\u017cliwo\u015bci wykonywania dotychczasowej pracy, a tym samym zarobkowania, roz\u0142\u0105k\u0119 z najbli\u017csz\u0105 rodzin\u0105, uniemo\u017cliwia niejednokrotnie prawid\u0142owy przebieg leczenia, jak r\u00f3wnie\u017c nara\u017ca skazanego na dalsz\u0105 demoralizacj\u0119 w warunkach wi\u0119ziennej izolacji.<\/p>\n","protected":false},"author":2,"featured_media":88,"comment_status":"open","ping_status":"open","sticky":false,"template":"","format":"standard","meta":{"_monsterinsights_skip_tracking":false,"_monsterinsights_sitenote_active":false,"_monsterinsights_sitenote_note":"","_monsterinsights_sitenote_category":0,"footnotes":""},"categories":[1],"tags":[12,11],"class_list":["post-86","post","type-post","status-publish","format-standard","has-post-thumbnail","hentry","category-prawo","tag-dozor-elektroniczny","tag-skazany"],"yoast_head":"<!-- This site is optimized with the Yoast SEO plugin v24.6 - https:\/\/yoast.com\/wordpress\/plugins\/seo\/ -->\n<title>Zmiany w zakresie dozoru elektronicznego Lublin -ADWOKAT dr Aneta So\u015bnicka BLOG Prawny z Lublina<\/title>\n<meta name=\"description\" content=\"Doz\u00f3r elektroniczny Lublin ADWOKAT dr Aneta So\u015bnicka Lublin - kara pozbawienia wolno\u015bci, zak\u0142ad karny, obro\u017ca, obr\u0105czka, przest\u0119pstwo.\" \/>\n<meta name=\"robots\" content=\"index, follow, max-snippet:-1, max-image-preview:large, max-video-preview:-1\" \/>\n<link rel=\"canonical\" href=\"https:\/\/www.anetasosnicka.pl\/blog\/zmiany-w-zakresie-dozoru-elektonicznego\/\" \/>\n<meta property=\"og:locale\" content=\"pl_PL\" \/>\n<meta property=\"og:type\" content=\"article\" \/>\n<meta property=\"og:title\" content=\"Zmiany w zakresie dozoru elektronicznego Lublin -ADWOKAT dr Aneta So\u015bnicka BLOG Prawny z Lublina\" \/>\n<meta property=\"og:description\" content=\"Doz\u00f3r elektroniczny Lublin ADWOKAT dr Aneta So\u015bnicka Lublin - kara pozbawienia wolno\u015bci, zak\u0142ad karny, obro\u017ca, obr\u0105czka, przest\u0119pstwo.\" \/>\n<meta property=\"og:url\" content=\"https:\/\/www.anetasosnicka.pl\/blog\/zmiany-w-zakresie-dozoru-elektonicznego\/\" \/>\n<meta property=\"og:site_name\" content=\"ADWOKAT dr Aneta So\u015bnicka BLOG Prawny z Lublina\" \/>\n<meta property=\"article:publisher\" content=\"https:\/\/www.facebook.com\/Adwokat.Aneta.Sosnicka\" \/>\n<meta property=\"article:published_time\" content=\"2020-04-25T12:16:01+00:00\" \/>\n<meta property=\"article:modified_time\" content=\"2020-06-13T21:51:50+00:00\" \/>\n<meta property=\"og:image\" content=\"https:\/\/www.anetasosnicka.pl\/blog\/wp-content\/uploads\/2020\/04\/kajdany-niebo-rece-wolnosc-247851-scaled.jpg\" \/>\n\t<meta property=\"og:image:width\" content=\"2560\" \/>\n\t<meta property=\"og:image:height\" content=\"1454\" \/>\n\t<meta property=\"og:image:type\" content=\"image\/jpeg\" \/>\n<meta name=\"author\" content=\"Aneta So\u015bnicka\" \/>\n<meta name=\"twitter:card\" content=\"summary_large_image\" \/>\n<meta name=\"twitter:creator\" content=\"@AnetaSosnicka\" \/>\n<meta name=\"twitter:site\" content=\"@AnetaSosnicka\" \/>\n<meta name=\"twitter:label1\" content=\"Napisane przez\" \/>\n\t<meta name=\"twitter:data1\" content=\"Aneta So\u015bnicka\" \/>\n\t<meta name=\"twitter:label2\" content=\"Szacowany czas czytania\" \/>\n\t<meta name=\"twitter:data2\" content=\"2 minuty\" \/>\n<script type=\"application\/ld+json\" class=\"yoast-schema-graph\">{\"@context\":\"https:\/\/schema.org\",\"@graph\":[{\"@type\":\"Article\",\"@id\":\"https:\/\/www.anetasosnicka.pl\/blog\/zmiany-w-zakresie-dozoru-elektonicznego\/#article\",\"isPartOf\":{\"@id\":\"https:\/\/www.anetasosnicka.pl\/blog\/zmiany-w-zakresie-dozoru-elektonicznego\/\"},\"author\":{\"name\":\"Aneta So\u015bnicka\",\"@id\":\"https:\/\/www.anetasosnicka.pl\/blog\/#\/schema\/person\/3d78d4edd6c4ea05e58d8a87f374d354\"},\"headline\":\"Zmiany w zakresie dozoru elektronicznego\",\"datePublished\":\"2020-04-25T12:16:01+00:00\",\"dateModified\":\"2020-06-13T21:51:50+00:00\",\"mainEntityOfPage\":{\"@id\":\"https:\/\/www.anetasosnicka.pl\/blog\/zmiany-w-zakresie-dozoru-elektonicznego\/\"},\"wordCount\":396,\"commentCount\":0,\"publisher\":{\"@id\":\"https:\/\/www.anetasosnicka.pl\/blog\/#organization\"},\"image\":{\"@id\":\"https:\/\/www.anetasosnicka.pl\/blog\/zmiany-w-zakresie-dozoru-elektonicznego\/#primaryimage\"},\"thumbnailUrl\":\"https:\/\/www.anetasosnicka.pl\/blog\/wp-content\/uploads\/2020\/04\/kajdany-niebo-rece-wolnosc-247851-scaled.jpg\",\"keywords\":[\"doz\u00f3r elektroniczny\",\"skazany\"],\"articleSection\":[\"Prawo\"],\"inLanguage\":\"pl-PL\",\"potentialAction\":[{\"@type\":\"CommentAction\",\"name\":\"Comment\",\"target\":[\"https:\/\/www.anetasosnicka.pl\/blog\/zmiany-w-zakresie-dozoru-elektonicznego\/#respond\"]}]},{\"@type\":\"WebPage\",\"@id\":\"https:\/\/www.anetasosnicka.pl\/blog\/zmiany-w-zakresie-dozoru-elektonicznego\/\",\"url\":\"https:\/\/www.anetasosnicka.pl\/blog\/zmiany-w-zakresie-dozoru-elektonicznego\/\",\"name\":\"Zmiany w zakresie dozoru elektronicznego Lublin -ADWOKAT dr Aneta So\u015bnicka BLOG Prawny z Lublina\",\"isPartOf\":{\"@id\":\"https:\/\/www.anetasosnicka.pl\/blog\/#website\"},\"primaryImageOfPage\":{\"@id\":\"https:\/\/www.anetasosnicka.pl\/blog\/zmiany-w-zakresie-dozoru-elektonicznego\/#primaryimage\"},\"image\":{\"@id\":\"https:\/\/www.anetasosnicka.pl\/blog\/zmiany-w-zakresie-dozoru-elektonicznego\/#primaryimage\"},\"thumbnailUrl\":\"https:\/\/www.anetasosnicka.pl\/blog\/wp-content\/uploads\/2020\/04\/kajdany-niebo-rece-wolnosc-247851-scaled.jpg\",\"datePublished\":\"2020-04-25T12:16:01+00:00\",\"dateModified\":\"2020-06-13T21:51:50+00:00\",\"description\":\"Doz\u00f3r elektroniczny Lublin ADWOKAT dr Aneta So\u015bnicka Lublin - kara pozbawienia wolno\u015bci, zak\u0142ad karny, obro\u017ca, obr\u0105czka, przest\u0119pstwo.\",\"breadcrumb\":{\"@id\":\"https:\/\/www.anetasosnicka.pl\/blog\/zmiany-w-zakresie-dozoru-elektonicznego\/#breadcrumb\"},\"inLanguage\":\"pl-PL\",\"potentialAction\":[{\"@type\":\"ReadAction\",\"target\":[\"https:\/\/www.anetasosnicka.pl\/blog\/zmiany-w-zakresie-dozoru-elektonicznego\/\"]}]},{\"@type\":\"ImageObject\",\"inLanguage\":\"pl-PL\",\"@id\":\"https:\/\/www.anetasosnicka.pl\/blog\/zmiany-w-zakresie-dozoru-elektonicznego\/#primaryimage\",\"url\":\"https:\/\/www.anetasosnicka.pl\/blog\/wp-content\/uploads\/2020\/04\/kajdany-niebo-rece-wolnosc-247851-scaled.jpg\",\"contentUrl\":\"https:\/\/www.anetasosnicka.pl\/blog\/wp-content\/uploads\/2020\/04\/kajdany-niebo-rece-wolnosc-247851-scaled.jpg\",\"width\":2560,\"height\":1454},{\"@type\":\"BreadcrumbList\",\"@id\":\"https:\/\/www.anetasosnicka.pl\/blog\/zmiany-w-zakresie-dozoru-elektonicznego\/#breadcrumb\",\"itemListElement\":[{\"@type\":\"ListItem\",\"position\":1,\"name\":\"Strona g\u0142\u00f3wna\",\"item\":\"https:\/\/www.anetasosnicka.pl\/blog\/\"},{\"@type\":\"ListItem\",\"position\":2,\"name\":\"Zmiany w zakresie dozoru elektronicznego\"}]},{\"@type\":\"WebSite\",\"@id\":\"https:\/\/www.anetasosnicka.pl\/blog\/#website\",\"url\":\"https:\/\/www.anetasosnicka.pl\/blog\/\",\"name\":\"ADWOKAT dr Aneta So\u015bnicka BLOG Prawny\",\"description\":\"BLOG Prawny ADWOKAT dr Aneta So\u015bnicka Lublin\",\"publisher\":{\"@id\":\"https:\/\/www.anetasosnicka.pl\/blog\/#organization\"},\"potentialAction\":[{\"@type\":\"SearchAction\",\"target\":{\"@type\":\"EntryPoint\",\"urlTemplate\":\"https:\/\/www.anetasosnicka.pl\/blog\/?s={search_term_string}\"},\"query-input\":{\"@type\":\"PropertyValueSpecification\",\"valueRequired\":true,\"valueName\":\"search_term_string\"}}],\"inLanguage\":\"pl-PL\"},{\"@type\":\"Organization\",\"@id\":\"https:\/\/www.anetasosnicka.pl\/blog\/#organization\",\"name\":\"ADWOKAT dr Aneta So\u015bnicka KANCELARIA ADWOKACKA z Lublina\",\"url\":\"https:\/\/www.anetasosnicka.pl\/blog\/\",\"logo\":{\"@type\":\"ImageObject\",\"inLanguage\":\"pl-PL\",\"@id\":\"https:\/\/www.anetasosnicka.pl\/blog\/#\/schema\/logo\/image\/\",\"url\":\"https:\/\/www.anetasosnicka.pl\/blog\/wp-content\/uploads\/2020\/06\/Adwokat-Lublin-.jpg\",\"contentUrl\":\"https:\/\/www.anetasosnicka.pl\/blog\/wp-content\/uploads\/2020\/06\/Adwokat-Lublin-.jpg\",\"width\":800,\"height\":452,\"caption\":\"ADWOKAT dr Aneta So\u015bnicka KANCELARIA ADWOKACKA z Lublina\"},\"image\":{\"@id\":\"https:\/\/www.anetasosnicka.pl\/blog\/#\/schema\/logo\/image\/\"},\"sameAs\":[\"https:\/\/www.facebook.com\/Adwokat.Aneta.Sosnicka\",\"https:\/\/x.com\/AnetaSosnicka\",\"https:\/\/www.instagram.com\/kancelaria.anetasosnicka\/\",\"https:\/\/www.linkedin.com\/in\/aneta-so\u015bnicka-0012281a5\/\",\"https:\/\/www.youtube.com\/channel\/UCUj-bHa9Ey9jwAyUP919lGA?view_as=subscriber\"]},{\"@type\":\"Person\",\"@id\":\"https:\/\/www.anetasosnicka.pl\/blog\/#\/schema\/person\/3d78d4edd6c4ea05e58d8a87f374d354\",\"name\":\"Aneta So\u015bnicka\",\"image\":{\"@type\":\"ImageObject\",\"inLanguage\":\"pl-PL\",\"@id\":\"https:\/\/www.anetasosnicka.pl\/blog\/#\/schema\/person\/image\/\",\"url\":\"https:\/\/secure.gravatar.com\/avatar\/04c040740c32ba0d292bfc817fac370b0419d9d350bae2f1914423e95e20e4d2?s=96&d=mm&r=g\",\"contentUrl\":\"https:\/\/secure.gravatar.com\/avatar\/04c040740c32ba0d292bfc817fac370b0419d9d350bae2f1914423e95e20e4d2?s=96&d=mm&r=g\",\"caption\":\"Aneta So\u015bnicka\"},\"sameAs\":[\"https:\/\/www.anetasosnicka.pl\"],\"url\":\"https:\/\/www.anetasosnicka.pl\/blog\/author\/aneta\/\"}]}<\/script>\n<!-- \/ Yoast SEO plugin. -->","yoast_head_json":{"title":"Zmiany w zakresie dozoru elektronicznego Lublin -ADWOKAT dr Aneta So\u015bnicka BLOG Prawny z Lublina","description":"Doz\u00f3r elektroniczny Lublin ADWOKAT dr Aneta So\u015bnicka Lublin - kara pozbawienia wolno\u015bci, zak\u0142ad karny, obro\u017ca, obr\u0105czka, przest\u0119pstwo.","robots":{"index":"index","follow":"follow","max-snippet":"max-snippet:-1","max-image-preview":"max-image-preview:large","max-video-preview":"max-video-preview:-1"},"canonical":"https:\/\/www.anetasosnicka.pl\/blog\/zmiany-w-zakresie-dozoru-elektonicznego\/","og_locale":"pl_PL","og_type":"article","og_title":"Zmiany w zakresie dozoru elektronicznego Lublin -ADWOKAT dr Aneta So\u015bnicka BLOG Prawny z Lublina","og_description":"Doz\u00f3r elektroniczny Lublin ADWOKAT dr Aneta So\u015bnicka Lublin - kara pozbawienia wolno\u015bci, zak\u0142ad karny, obro\u017ca, obr\u0105czka, przest\u0119pstwo.","og_url":"https:\/\/www.anetasosnicka.pl\/blog\/zmiany-w-zakresie-dozoru-elektonicznego\/","og_site_name":"ADWOKAT dr Aneta So\u015bnicka BLOG Prawny z Lublina","article_publisher":"https:\/\/www.facebook.com\/Adwokat.Aneta.Sosnicka","article_published_time":"2020-04-25T12:16:01+00:00","article_modified_time":"2020-06-13T21:51:50+00:00","og_image":[{"width":2560,"height":1454,"url":"https:\/\/www.anetasosnicka.pl\/blog\/wp-content\/uploads\/2020\/04\/kajdany-niebo-rece-wolnosc-247851-scaled.jpg","type":"image\/jpeg"}],"author":"Aneta So\u015bnicka","twitter_card":"summary_large_image","twitter_creator":"@AnetaSosnicka","twitter_site":"@AnetaSosnicka","twitter_misc":{"Napisane przez":"Aneta So\u015bnicka","Szacowany czas czytania":"2 minuty"},"schema":{"@context":"https:\/\/schema.org","@graph":[{"@type":"Article","@id":"https:\/\/www.anetasosnicka.pl\/blog\/zmiany-w-zakresie-dozoru-elektonicznego\/#article","isPartOf":{"@id":"https:\/\/www.anetasosnicka.pl\/blog\/zmiany-w-zakresie-dozoru-elektonicznego\/"},"author":{"name":"Aneta So\u015bnicka","@id":"https:\/\/www.anetasosnicka.pl\/blog\/#\/schema\/person\/3d78d4edd6c4ea05e58d8a87f374d354"},"headline":"Zmiany w zakresie dozoru elektronicznego","datePublished":"2020-04-25T12:16:01+00:00","dateModified":"2020-06-13T21:51:50+00:00","mainEntityOfPage":{"@id":"https:\/\/www.anetasosnicka.pl\/blog\/zmiany-w-zakresie-dozoru-elektonicznego\/"},"wordCount":396,"commentCount":0,"publisher":{"@id":"https:\/\/www.anetasosnicka.pl\/blog\/#organization"},"image":{"@id":"https:\/\/www.anetasosnicka.pl\/blog\/zmiany-w-zakresie-dozoru-elektonicznego\/#primaryimage"},"thumbnailUrl":"https:\/\/www.anetasosnicka.pl\/blog\/wp-content\/uploads\/2020\/04\/kajdany-niebo-rece-wolnosc-247851-scaled.jpg","keywords":["doz\u00f3r elektroniczny","skazany"],"articleSection":["Prawo"],"inLanguage":"pl-PL","potentialAction":[{"@type":"CommentAction","name":"Comment","target":["https:\/\/www.anetasosnicka.pl\/blog\/zmiany-w-zakresie-dozoru-elektonicznego\/#respond"]}]},{"@type":"WebPage","@id":"https:\/\/www.anetasosnicka.pl\/blog\/zmiany-w-zakresie-dozoru-elektonicznego\/","url":"https:\/\/www.anetasosnicka.pl\/blog\/zmiany-w-zakresie-dozoru-elektonicznego\/","name":"Zmiany w zakresie dozoru elektronicznego Lublin -ADWOKAT dr Aneta So\u015bnicka BLOG Prawny z Lublina","isPartOf":{"@id":"https:\/\/www.anetasosnicka.pl\/blog\/#website"},"primaryImageOfPage":{"@id":"https:\/\/www.anetasosnicka.pl\/blog\/zmiany-w-zakresie-dozoru-elektonicznego\/#primaryimage"},"image":{"@id":"https:\/\/www.anetasosnicka.pl\/blog\/zmiany-w-zakresie-dozoru-elektonicznego\/#primaryimage"},"thumbnailUrl":"https:\/\/www.anetasosnicka.pl\/blog\/wp-content\/uploads\/2020\/04\/kajdany-niebo-rece-wolnosc-247851-scaled.jpg","datePublished":"2020-04-25T12:16:01+00:00","dateModified":"2020-06-13T21:51:50+00:00","description":"Doz\u00f3r elektroniczny Lublin ADWOKAT dr Aneta So\u015bnicka Lublin - kara pozbawienia wolno\u015bci, zak\u0142ad karny, obro\u017ca, obr\u0105czka, przest\u0119pstwo.","breadcrumb":{"@id":"https:\/\/www.anetasosnicka.pl\/blog\/zmiany-w-zakresie-dozoru-elektonicznego\/#breadcrumb"},"inLanguage":"pl-PL","potentialAction":[{"@type":"ReadAction","target":["https:\/\/www.anetasosnicka.pl\/blog\/zmiany-w-zakresie-dozoru-elektonicznego\/"]}]},{"@type":"ImageObject","inLanguage":"pl-PL","@id":"https:\/\/www.anetasosnicka.pl\/blog\/zmiany-w-zakresie-dozoru-elektonicznego\/#primaryimage","url":"https:\/\/www.anetasosnicka.pl\/blog\/wp-content\/uploads\/2020\/04\/kajdany-niebo-rece-wolnosc-247851-scaled.jpg","contentUrl":"https:\/\/www.anetasosnicka.pl\/blog\/wp-content\/uploads\/2020\/04\/kajdany-niebo-rece-wolnosc-247851-scaled.jpg","width":2560,"height":1454},{"@type":"BreadcrumbList","@id":"https:\/\/www.anetasosnicka.pl\/blog\/zmiany-w-zakresie-dozoru-elektonicznego\/#breadcrumb","itemListElement":[{"@type":"ListItem","position":1,"name":"Strona g\u0142\u00f3wna","item":"https:\/\/www.anetasosnicka.pl\/blog\/"},{"@type":"ListItem","position":2,"name":"Zmiany w zakresie dozoru elektronicznego"}]},{"@type":"WebSite","@id":"https:\/\/www.anetasosnicka.pl\/blog\/#website","url":"https:\/\/www.anetasosnicka.pl\/blog\/","name":"ADWOKAT dr Aneta So\u015bnicka BLOG Prawny","description":"BLOG Prawny ADWOKAT dr Aneta So\u015bnicka Lublin","publisher":{"@id":"https:\/\/www.anetasosnicka.pl\/blog\/#organization"},"potentialAction":[{"@type":"SearchAction","target":{"@type":"EntryPoint","urlTemplate":"https:\/\/www.anetasosnicka.pl\/blog\/?s={search_term_string}"},"query-input":{"@type":"PropertyValueSpecification","valueRequired":true,"valueName":"search_term_string"}}],"inLanguage":"pl-PL"},{"@type":"Organization","@id":"https:\/\/www.anetasosnicka.pl\/blog\/#organization","name":"ADWOKAT dr Aneta So\u015bnicka KANCELARIA ADWOKACKA z Lublina","url":"https:\/\/www.anetasosnicka.pl\/blog\/","logo":{"@type":"ImageObject","inLanguage":"pl-PL","@id":"https:\/\/www.anetasosnicka.pl\/blog\/#\/schema\/logo\/image\/","url":"https:\/\/www.anetasosnicka.pl\/blog\/wp-content\/uploads\/2020\/06\/Adwokat-Lublin-.jpg","contentUrl":"https:\/\/www.anetasosnicka.pl\/blog\/wp-content\/uploads\/2020\/06\/Adwokat-Lublin-.jpg","width":800,"height":452,"caption":"ADWOKAT dr Aneta So\u015bnicka KANCELARIA ADWOKACKA z Lublina"},"image":{"@id":"https:\/\/www.anetasosnicka.pl\/blog\/#\/schema\/logo\/image\/"},"sameAs":["https:\/\/www.facebook.com\/Adwokat.Aneta.Sosnicka","https:\/\/x.com\/AnetaSosnicka","https:\/\/www.instagram.com\/kancelaria.anetasosnicka\/","https:\/\/www.linkedin.com\/in\/aneta-so\u015bnicka-0012281a5\/","https:\/\/www.youtube.com\/channel\/UCUj-bHa9Ey9jwAyUP919lGA?view_as=subscriber"]},{"@type":"Person","@id":"https:\/\/www.anetasosnicka.pl\/blog\/#\/schema\/person\/3d78d4edd6c4ea05e58d8a87f374d354","name":"Aneta So\u015bnicka","image":{"@type":"ImageObject","inLanguage":"pl-PL","@id":"https:\/\/www.anetasosnicka.pl\/blog\/#\/schema\/person\/image\/","url":"https:\/\/secure.gravatar.com\/avatar\/04c040740c32ba0d292bfc817fac370b0419d9d350bae2f1914423e95e20e4d2?s=96&d=mm&r=g","contentUrl":"https:\/\/secure.gravatar.com\/avatar\/04c040740c32ba0d292bfc817fac370b0419d9d350bae2f1914423e95e20e4d2?s=96&d=mm&r=g","caption":"Aneta So\u015bnicka"},"sameAs":["https:\/\/www.anetasosnicka.pl"],"url":"https:\/\/www.anetasosnicka.pl\/blog\/author\/aneta\/"}]}},"_links":{"self":[{"href":"https:\/\/www.anetasosnicka.pl\/blog\/wp-json\/wp\/v2\/posts\/86","targetHints":{"allow":["GET"]}}],"collection":[{"href":"https:\/\/www.anetasosnicka.pl\/blog\/wp-json\/wp\/v2\/posts"}],"about":[{"href":"https:\/\/www.anetasosnicka.pl\/blog\/wp-json\/wp\/v2\/types\/post"}],"author":[{"embeddable":true,"href":"https:\/\/www.anetasosnicka.pl\/blog\/wp-json\/wp\/v2\/users\/2"}],"replies":[{"embeddable":true,"href":"https:\/\/www.anetasosnicka.pl\/blog\/wp-json\/wp\/v2\/comments?post=86"}],"version-history":[{"count":14,"href":"https:\/\/www.anetasosnicka.pl\/blog\/wp-json\/wp\/v2\/posts\/86\/revisions"}],"predecessor-version":[{"id":4361,"href":"https:\/\/www.anetasosnicka.pl\/blog\/wp-json\/wp\/v2\/posts\/86\/revisions\/4361"}],"wp:featuredmedia":[{"embeddable":true,"href":"https:\/\/www.anetasosnicka.pl\/blog\/wp-json\/wp\/v2\/media\/88"}],"wp:attachment":[{"href":"https:\/\/www.anetasosnicka.pl\/blog\/wp-json\/wp\/v2\/media?parent=86"}],"wp:term":[{"taxonomy":"category","embeddable":true,"href":"https:\/\/www.anetasosnicka.pl\/blog\/wp-json\/wp\/v2\/categories?post=86"},{"taxonomy":"post_tag","embeddable":true,"href":"https:\/\/www.anetasosnicka.pl\/blog\/wp-json\/wp\/v2\/tags?post=86"}],"curies":[{"name":"wp","href":"https:\/\/api.w.org\/{rel}","templated":true}]}}